{"id":7009,"date":"2023-06-29T08:59:45","date_gmt":"2023-06-29T08:59:45","guid":{"rendered":"https:\/\/educartenatureza.uab.pt\/es\/?p=5194"},"modified":"2023-06-29T08:59:45","modified_gmt":"2023-06-29T08:59:45","slug":"contato-com-a-natureza-e-essencial-para-o-desenvolvimento-da-crianca","status":"publish","type":"post","link":"https:\/\/educartenatureza.uab.pt\/es\/contato-com-a-natureza-e-essencial-para-o-desenvolvimento-da-crianca\/","title":{"rendered":"Contato com a natureza \u00e9 essencial para o desenvolvimento da crian\u00e7a"},"content":{"rendered":"\n<p>Atualmente muitos fatores externos contribuem para que as crian\u00e7as cres\u00e7am em um mundo distante do contato com o que \u00e9 natural. Entre tantos motivos, a expans\u00e3o urbana se destaca, afinal, a grande maioria das pessoas vive nas cidades. No Brasil, pelo menos 80% da popula\u00e7\u00e3o mora em \u00e1reas urbanas e nesse contexto as crian\u00e7as crescem em meio \u00e0 &#8220;selva de pedra&#8221;, cercadas por pr\u00e9dios, paredes e muros.<\/p>\n\n\n\n<figure class=\"wp-block-image\"><img decoding=\"async\" src=\"https:\/\/s2-g1.glbimg.com\/yp3H0CDWxlwOBFF3zdm9yZjfKLc=\/0x0:1280x960\/984x0\/smart\/filters:strip_icc()\/i.s3.glbimg.com\/v1\/AUTH_59edd422c0c84a879bd37670ae4f538a\/internal_photos\/bs\/2019\/8\/S\/qjpcoURcK2B4rAAu7huw\/cc2da1ac-1b62-44bf-a769-c6be5d3ff664.jpg\" alt=\"Atividades ao ar livre s\u00e3o essenciais para crescimento \u2014 Foto: Juliana Diniz\/ Arquivo Pessoal\" \/><\/figure>\n\n\n\n<p>Atividades ao ar livre s\u00e3o essenciais para crescimento \u2014 Foto: Juliana Diniz\/ Arquivo Pessoal<\/p>\n\n\n\n<p>H\u00e1 quem acredite que a globaliza\u00e7\u00e3o n\u00e3o interfira no crescimento de uma crian\u00e7a, mas qualquer dist\u00e2ncia que ela tiver da natureza pode ser prejudicial \u00e0 sa\u00fade.<\/p>\n\n\n\n<p>\u201cO fato das crian\u00e7as viverem \u2018emparedadas\u2019, em uma rotina em que ela fique fechada e consista apenas em ir para casa, escola e shopping, por exemplo, pode causar s\u00e9rios problemas como: hiperatividade, obesidade e at\u00e9 casos de miopia\u201d conta Maria Isabel Barros, pesquisadora do programa Crian\u00e7a e Natureza do Instituto Alana.<\/p>\n\n\n\n<p>Partindo deste princ\u00edpio o jornalista, pesquisador e co-fundador do Children &amp; Nature Network, Richard Louv, criou o termo \u2018Transtorno do D\u00e9ficit de Natureza\u2019 para se referir aos impactos negativos que a falta do contato com o mundo real pode causar na vida dos pequenos.<\/p>\n\n\n\n<figure class=\"wp-block-image\"><img decoding=\"async\" src=\"https:\/\/s2-g1.glbimg.com\/v-74M1QVt9x4_WyCpwkcLo7Bkfs=\/0x0:1280x960\/984x0\/smart\/filters:strip_icc()\/i.s3.glbimg.com\/v1\/AUTH_59edd422c0c84a879bd37670ae4f538a\/internal_photos\/bs\/2019\/o\/R\/q3xmjUTUCdrMC7gmfDhw\/b7124a0c-941b-48d5-904b-3c8678697591.jpg\" alt=\"Observar aves \u00e9 uma forma l\u00fadica de despertar paix\u00e3o pela natureza  \u2014 Foto: Juliana Diniz\/ Arquivo Pessoal\" \/><\/figure>\n\n\n\n<p>Observar aves \u00e9 uma forma l\u00fadica de despertar paix\u00e3o pela natureza \u2014 Foto: Juliana Diniz\/ Arquivo Pessoal<\/p>\n\n\n\n<p>Mas, mais importante do que ressaltar como pode ser prejudicial a falta da natureza no cotidiano de uma crian\u00e7a, \u00e9 preciso apontar quantos benef\u00edcios o contato com o meio ambiente pode trazer e ajudar no crescimento. \u201cOs benef\u00edcios variam de acordo com a idade, mas em contato com a natureza a crian\u00e7a desenvolve o brincar mais criativo e aut\u00eantico e descobre dentro de si o que a motiva\u201d, esclarece Isabel.<\/p>\n\n\n\n<p>O simples fato da crian\u00e7a brincar ao ar livre em quintais, jardins e parquinhos, por exemplo, pode trazer melhorias em aspectos f\u00edsicos, desenvolvendo capacidades motora, mentais, emocionais e at\u00e9 espirituais, por perceberem que fazem parte de algo maior.<\/p>\n\n\n\n<p>Estar em comunh\u00e3o com o meio ambiente e entender o que ele significa pode trazer tranquilidade e inspira\u00e7\u00e3o para os pequenos. \u201cA natureza \u00e9 o espa\u00e7o de pertencimento da crian\u00e7a, \u00e9 ali que ela vai explorar os sentidos, descobrir o novo, aprender brincando e observando e evoluir como ser humano\u201d, acrescenta.<\/p>\n\n\n\n<figure class=\"wp-block-image\"><img decoding=\"async\" src=\"https:\/\/s2-g1.glbimg.com\/xFhiSmAJygNQFYnGdwZjh6QzFXk=\/0x0:960x639\/984x0\/smart\/filters:strip_icc()\/i.s3.glbimg.com\/v1\/AUTH_59edd422c0c84a879bd37670ae4f538a\/internal_photos\/bs\/2019\/6\/c\/8rwOKmRZSrm0fR4w7ywA\/36f1c2e4-8eb7-4921-8365-9470c44a9808.jpg\" alt=\"Maria j\u00e1 percorreu trilhas de floresta Atl\u00e2ntica e Amaz\u00f4nica \u2014 Foto: Juliana Diniz\/ Arquivo Pessoal\" \/><\/figure>\n\n\n\n<p>Maria j\u00e1 percorreu trilhas de floresta Atl\u00e2ntica e Amaz\u00f4nica \u2014 Foto: Juliana Diniz\/ Arquivo Pessoal<\/p>\n\n\n\n<p>Mas para a crian\u00e7a desenvolver o gosto por brincar na natureza, ela precisa receber um est\u00edmulo. \u201cOs pais e os educadores s\u00e3o refer\u00eancia e por isso precisam inspirar no filho, e aluno, essa admira\u00e7\u00e3o pela natureza, por brincar ao ar livre. Desta forma nascer\u00e1 a paix\u00e3o na crian\u00e7a e o respeito pelos bens naturais\u201d, revela Isabel.<\/p>\n\n\n\n<p>Pensando em passar o amor pela natureza \u00e0 filha, a empres\u00e1ria Juliana Diniz dedicou-se desde a gravidez em incluir a pequena Maria em atividades em contato com o meio ambiente. \u201cQuando eu engravidei, fazia trilhas e passeios para observar aves, ent\u00e3o antes mesmo dela nascer ela j\u00e1 tinha o contato com o natural\u201d, conta.<\/p>\n\n\n\n<p>E quando a filha veio ao mundo, o contato com o mundo verde s\u00f3 aumentou. \u201cEu levava a Maria no Jardim Bot\u00e2nico, colocava um paninho no ch\u00e3o e fic\u00e1vamos na grama\u201d. E se engana quem pensa que a Juliana deixou de ir para o mato \u00e0 procura das aves. \u201cComecei a lev\u00e1-la junto comigo, meu tipo de atividade ao ar livre mudou um pouco em fun\u00e7\u00e3o do hor\u00e1rio, mas n\u00e3o deixei de ir para o mato, levo a pequena comigo\u201d, conta.<\/p>\n\n\n\n<figure class=\"wp-block-image\"><img decoding=\"async\" src=\"https:\/\/s01.video.glbimg.com\/x240\/7366520.jpg\" alt=\"Contato com a natureza traz benef\u00edcios a sa\u00fade da crian\u00e7a\" title=\"Contato com a natureza traz benef\u00edcios a sa\u00fade da crian\u00e7a\" \/><\/figure>\n\n\n\n<p>Contato com a natureza traz benef\u00edcios a sa\u00fade da crian\u00e7a<\/p>\n\n\n\n<p>Aonde a Maria vai ela rouba a cena! Curiosa e apaixonada pelas matas, a menina de quatro anos j\u00e1 sabe identificar diversas aves e j\u00e1 visitou diferentes ambientes, incluindo a floresta Atl\u00e2ntica e Amaz\u00f4nica, e todo esse contato s\u00f3 faz bem pra ela. \u201cEsse contato desperta o lado bom nas crian\u00e7as, traz conhecimento e estimula o tato, audi\u00e7\u00e3o e vis\u00e3o, eu acho que acalma a crian\u00e7a e s\u00f3 traz benef\u00edcios\u201d, afirma a m\u00e3e.<\/p>\n\n\n\n<p>Al\u00e9m da natureza ser importante para a sa\u00fade da crian\u00e7a, a crian\u00e7a \u00e9 essencial para a sa\u00fade da natureza. Afinal, elas s\u00e3o como sementes que, no futuro, germinar\u00e3o e florescer\u00e3o. Por isso, desde pequenos, precisam compreender o papel do meio ambiente na vida cotidiana. Desta forma, ir\u00e3o cuidar, proteger e preservar todos os bens naturais e garantir\u00e3o o pr\u00f3prio bem-estar.<\/p>\n\n\n\n<p>Empres\u00e1ria e observadora de aves leva filha em trilhas \u2014 Foto: Juliana Diniz\/ Arquivo Pessoal<\/p>\n\n\n\n<p>Noticia Original: <a href=\"https:\/\/g1.globo.com\/sp\/campinas-regiao\/terra-da-gente\/especiais\/noticia\/2019\/02\/12\/contato-com-a-natureza-e-essencial-para-o-desenvolvimento-da-crianca.ghtml?fbclid=IwAR1oUDVzeqrQuA4Ml7W63wcsXuuEEeMzVxwJcu72yTlOYX_M1ZNYmB7v6tQ\">https:\/\/g1.globo.com\/sp\/campinas-regiao\/terra-da-gente\/especiais\/noticia\/2019\/02\/12\/contato-com-a-natureza-e-essencial-para-o-desenvolvimento-da-crianca.ghtml?fbclid=IwAR1oUDVzeqrQuA4Ml7W63wcsXuuEEeMzVxwJcu72yTlOYX_M1ZNYmB7v6tQ<\/a><\/p>\n","protected":false},"excerpt":{"rendered":"Rela\u00e7\u00e3o com o meio ambiente desde a primeira inf\u00e2ncia pode trazer benef\u00edcios f\u00edsicos, mentais e emocionais.","protected":false},"author":1,"featured_media":5196,"comment_status":"closed","ping_status":"closed","sticky":false,"template":"","format":"standard","meta":{"speak2many_translation":"","custompostfields_publication-date":"","footnotes":"","post_post-custom-url":"","post_post-custom-url-target":""},"categories":[1],"tags":[],"class_list":["post-7009","post","type-post","status-publish","format-standard","has-post-thumbnail","hentry","category-sem-categoria"],"_links":{"self":[{"href":"https:\/\/educartenatureza.uab.pt\/es\/wp-json\/wp\/v2\/posts\/7009","targetHints":{"allow":["GET"]}}],"collection":[{"href":"https:\/\/educartenatureza.uab.pt\/es\/wp-json\/wp\/v2\/posts"}],"about":[{"href":"https:\/\/educartenatureza.uab.pt\/es\/wp-json\/wp\/v2\/types\/post"}],"author":[{"embeddable":true,"href":"https:\/\/educartenatureza.uab.pt\/es\/wp-json\/wp\/v2\/users\/1"}],"replies":[{"embeddable":true,"href":"https:\/\/educartenatureza.uab.pt\/es\/wp-json\/wp\/v2\/comments?post=7009"}],"version-history":[{"count":0,"href":"https:\/\/educartenatureza.uab.pt\/es\/wp-json\/wp\/v2\/posts\/7009\/revisions"}],"wp:featuredmedia":[{"embeddable":true,"href":"https:\/\/educartenatureza.uab.pt\/es\/wp-json\/wp\/v2\/media\/5196"}],"wp:attachment":[{"href":"https:\/\/educartenatureza.uab.pt\/es\/wp-json\/wp\/v2\/media?parent=7009"}],"wp:term":[{"taxonomy":"category","embeddable":true,"href":"https:\/\/educartenatureza.uab.pt\/es\/wp-json\/wp\/v2\/categories?post=7009"},{"taxonomy":"post_tag","embeddable":true,"href":"https:\/\/educartenatureza.uab.pt\/es\/wp-json\/wp\/v2\/tags?post=7009"}],"curies":[{"name":"wp","href":"https:\/\/api.w.org\/{rel}","templated":true}]}}