{"id":7010,"date":"2023-06-29T09:04:14","date_gmt":"2023-06-29T09:04:14","guid":{"rendered":"https:\/\/educartenatureza.uab.pt\/es\/?p=5198"},"modified":"2023-06-29T09:04:14","modified_gmt":"2023-06-29T09:04:14","slug":"e-se-lhe-disserem-que-os-recreios-mais-amigos-da-crianca-sao-aqueles-menos-protegidos","status":"publish","type":"post","link":"https:\/\/educartenatureza.uab.pt\/es\/e-se-lhe-disserem-que-os-recreios-mais-amigos-da-crianca-sao-aqueles-menos-protegidos\/","title":{"rendered":"E se lhe disserem que os recreios mais amigos da crian\u00e7a s\u00e3o aqueles menos protegidos?"},"content":{"rendered":"\n<p>Os pediatras e outros especialistas da inf\u00e2ncia falam dos riscos dos pais-helic\u00f3ptero; os arquitetos paisagistas apontam os perigos dos recreios pouco desafiadores e, por incr\u00edvel que possa parecer, n\u00e3o s\u00f3 h\u00e1 uma liga\u00e7\u00e3o direta entre as duas ideias como nada disto augura algo de bom para os mais novos.<\/p>\n\n\n\n<p>A tese de que falamos, e que anda a correr mundo <a href=\"https:\/\/www.youtube.com\/watch?v=lztEnBFN5zU&amp;t=36s\" target=\"_blank\" rel=\"noreferrer noopener\">num v\u00eddeo agora divulgado pela Vox<\/a>, subscreve que a forma como os atuais espa\u00e7os infantis s\u00e3o desenhados n\u00e3o deixa os mais novos correr riscos. E que os efeitos disso s\u00e3o mi\u00fados menos ativos, menos criativos e com menos autoestima. Al\u00e9m disso, n\u00e3o aprendem a proteger-se.<\/p>\n\n\n\n<p>\u201cOs recreios deviam ser espa\u00e7os desafiantes para as crian\u00e7as\u201d e \u201cisso s\u00f3 se consegue quando as brincadeiras n\u00e3o s\u00e3o algo organizado\u201d nem sequer s\u00e3o ideias assim t\u00e3o recentes. Afinal, foi basicamente disso que se ocupou Marjory Allen, conhecida defensora dos direitos e do bem-estar das crian\u00e7as, num trabalho em muito alimentado pelas suas recorda\u00e7\u00f5es de inf\u00e2ncia, cheias de momentos de grande liberdade.<\/p>\n\n\n\n<p>Nascida no final do s\u00e9culo XIX, em Kent, zona a sul de Londres conhecida pela sua beleza exuberante, Marjory haveria de estudar horticultura, tornando-se arquiteta paisagista. Durante a Segunda Guerra, acabaria por se envolver com as crian\u00e7as deslocadas e \u00f3rf\u00e3s, colaborando com v\u00e1rias institui\u00e7\u00f5es. Foi por essa altura que conheceu um espa\u00e7o em Copenhaga, na Dinamarca, que inspiraria para sempre o seu pensamento.<\/p>\n\n\n\n<p>Era um recreio fora do comum, j\u00e1 que ali as crian\u00e7as brincavam com pe\u00e7as soltas, como paus, pedras, caixas e cordas. Chamavam-lhe os recreios do lixo, mas a verdade \u00e9 que permitia aos mais novos criar e construir o que a imagina\u00e7\u00e3o lhes ditasse.<\/p>\n\n\n\n<figure class=\"wp-block-image\"><img decoding=\"async\" src=\"https:\/\/images.trustinnews.pt\/uploads\/sites\/5\/2019\/10\/13942725parques-infantis.jpeg\" alt=\"parques infantis\" \/><figcaption class=\"wp-element-caption\">Crian\u00e7as dinamarquesas a brincar no parque de Emdrup, em Copenhaga, no per\u00edodo p\u00f3s-Segunda Guerra Mundial<\/figcaption><\/figure>\n\n\n\n<p>\u201cFiquei completamente empolgada com a minha visita \u00e0quele parque. Estava a olhar para algo completamente novo e cheio de possibilidades\u201d, haveria de escrever a arquiteta inglesa, descrevendo que as crian\u00e7as n\u00e3o s\u00f3 cavavam como constru\u00edam casas, mexendo na areia e na \u00e1gua, enfim, no que encontravam\u2026<\/p>\n\n\n\n<p>Isso foi o que, de volta a casa, a levou a criar a campanha \u201crecreios de aventura\u201d, nos locais que tinham sido bombardeados pela guerra. E, pelo caminho, alinhavou um manifesto em nome dos mi\u00fados que viviam em apartamentos t\u00e3o altos que n\u00e3o tinham onde brincar.<\/p>\n\n\n\n<h2 class=\"wp-block-heading\">Avan\u00e7o ou retrocesso?<\/h2>\n\n\n\n<p>Cinquenta anos depois, os avisos de pediatras e outros especialistas em desenvolvimento motor v\u00e3o muito ao encontro \u00e0s suas preocupa\u00e7\u00f5es \u2013 e insistem que est\u00e1 na hora de decidir se os parques infantis, como existem hoje, devem responder \u00e0s preocupa\u00e7\u00f5es dos adultos ou aos desejos das crian\u00e7as.<\/p>\n\n\n\n<p>Os efeitos de ter pais demasiado controladores h\u00e1 algum tempo que foram sinalizados: dificuldades em controlar emo\u00e7\u00f5es e impulsos na pr\u00e9-adolesc\u00eancia e ainda mais problemas na escola. \u201cTemos pais com muita informa\u00e7\u00e3o, mas pouca sabedoria\u201d, apontava tamb\u00e9m h\u00e1 tempos, \u00e0 VIS\u00c3O o conhecido pediatra M\u00e1rio Cordeiro. Carlos Neto, investigador da Faculdade de Motricidade Humana, h\u00e1 muito que fala de estarmos a criar uma sociedade de cativeiro, dando asas ao apelo \u201cdeixem-nos andar ao ar livre\u201d. E mexer na terra, subir \u00e0s \u00e1rvores, chapinhar nas po\u00e7as, sublinhando que a brincar na rua tamb\u00e9m se ganha imunidade, destreza f\u00edsica e respeito pelo ambiente.<\/p>\n\n\n\n<p>Ou como tamb\u00e9m j\u00e1 disse, v\u00e1rias vezes, Jos\u00e9 Morgado, professor do departamento de psicologia da educa\u00e7\u00e3o do ISPA, \u201ceducar \u00e9 ajudar algu\u00e9m a tomar conta de si pr\u00f3prio e isso aprende-se fazendo. Se as crian\u00e7as nunca fazem\u2026.\u201d Ou como tamb\u00e9m gostava muito de dizer a arquiteta paisagista brit\u00e2nica, num tom provocador q.b., \u201c\u00e9 melhor ter um mi\u00fado com uma perna partida do que com um esp\u00edrito d\u00e9bil e submisso.\u201d<\/p>\n\n\n\n<p>E tudo isto se aplica tamb\u00e9m aos nossos parques infantis, como salientou h\u00e1 par de anos um investigador da Universidade de Tr\u00e1s-os-Montes e Alto Douro (UTAD) \u201c<a href=\"https:\/\/visao.sapo.pt\/actualidade\/sociedade\/2017-09-25-Estudo-aponta-falta-de-qualidade-dos-recintos-escolares\" target=\"_blank\" rel=\"noreferrer noopener\">O jardim-escola j\u00e1 n\u00e3o \u00e9 jardim e os recreios foram transformados em p\u00e1tios inertes e ass\u00e9ticos, qual pres\u00eddio<\/a>\u201d, sublinhava Frederico Meireles, professor de arquitetura paisagista na UTAD.<\/p>\n\n\n\n<p>O pior? \u201cOs ambientes de brincadeira e de estudo est\u00e3o mais pr\u00f3ximos e contidos do que nunca e isso faz com que a variedade de est\u00edmulos no ambiente natural esteja a ser substitu\u00edda por outros, de natureza digital\u201d, remata o professor da UTAD.<\/p>\n\n\n\n<p>Como quem diz: Ai n\u00e3o querem os mi\u00fados agarrados ao telem\u00f3vel? Ent\u00e3o, deixem-nos andar ao ar livre \u00e0 vontade!<\/p>\n\n\n\n<p>Noticia Original: <a href=\"https:\/\/visao.pt\/atualidade\/sociedade\/2019-02-21-E-se-lhe-disserem-que-os-recreios-mais-amigos-da-crianca-sao-aqueles-menos-protegidos-\/?fbclid=IwAR0Wz2QlToelS7AC6MomckhVbGPen044R8vche07XD-jHTFkacA7AUDuzck\">https:\/\/visao.pt\/atualidade\/sociedade\/2019-02-21-E-se-lhe-disserem-que-os-recreios-mais-amigos-da-crianca-sao-aqueles-menos-protegidos-\/?fbclid=IwAR0Wz2QlToelS7AC6MomckhVbGPen044R8vche07XD-jHTFkacA7AUDuzck<\/a><\/p>\n","protected":false},"excerpt":{"rendered":"Soa a provoca\u00e7\u00e3o, mas acumulam-se as evid\u00eancias cient\u00edficas a favor desta tese","protected":false},"author":1,"featured_media":5199,"comment_status":"closed","ping_status":"closed","sticky":false,"template":"","format":"standard","meta":{"speak2many_translation":"","custompostfields_publication-date":"","footnotes":"","post_post-custom-url":"","post_post-custom-url-target":""},"categories":[1],"tags":[],"class_list":["post-7010","post","type-post","status-publish","format-standard","has-post-thumbnail","hentry","category-sem-categoria"],"_links":{"self":[{"href":"https:\/\/educartenatureza.uab.pt\/es\/wp-json\/wp\/v2\/posts\/7010","targetHints":{"allow":["GET"]}}],"collection":[{"href":"https:\/\/educartenatureza.uab.pt\/es\/wp-json\/wp\/v2\/posts"}],"about":[{"href":"https:\/\/educartenatureza.uab.pt\/es\/wp-json\/wp\/v2\/types\/post"}],"author":[{"embeddable":true,"href":"https:\/\/educartenatureza.uab.pt\/es\/wp-json\/wp\/v2\/users\/1"}],"replies":[{"embeddable":true,"href":"https:\/\/educartenatureza.uab.pt\/es\/wp-json\/wp\/v2\/comments?post=7010"}],"version-history":[{"count":0,"href":"https:\/\/educartenatureza.uab.pt\/es\/wp-json\/wp\/v2\/posts\/7010\/revisions"}],"wp:featuredmedia":[{"embeddable":true,"href":"https:\/\/educartenatureza.uab.pt\/es\/wp-json\/wp\/v2\/media\/5199"}],"wp:attachment":[{"href":"https:\/\/educartenatureza.uab.pt\/es\/wp-json\/wp\/v2\/media?parent=7010"}],"wp:term":[{"taxonomy":"category","embeddable":true,"href":"https:\/\/educartenatureza.uab.pt\/es\/wp-json\/wp\/v2\/categories?post=7010"},{"taxonomy":"post_tag","embeddable":true,"href":"https:\/\/educartenatureza.uab.pt\/es\/wp-json\/wp\/v2\/tags?post=7010"}],"curies":[{"name":"wp","href":"https:\/\/api.w.org\/{rel}","templated":true}]}}