{"id":7013,"date":"2023-06-29T09:12:56","date_gmt":"2023-06-29T09:12:56","guid":{"rendered":"https:\/\/educartenatureza.uab.pt\/es\/?p=5204"},"modified":"2023-09-05T21:57:44","modified_gmt":"2023-09-05T20:57:44","slug":"escola-da-floresta-para-aprender-e-preciso-enterrar-os-pes-na-lama","status":"publish","type":"post","link":"https:\/\/educartenatureza.uab.pt\/es\/escola-da-floresta-para-aprender-e-preciso-enterrar-os-pes-na-lama\/","title":{"rendered":"Escola da Floresta. Para aprender \u00e9 preciso enterrar os p\u00e9s na\u00a0lama"},"content":{"rendered":"\n<p>Noticia Original: <a href=\"https:\/\/observador.pt\/especiais\/escola-da-floresta-para-aprender-e-preciso-enterrar-os-pes-na-lama\/?fbclid=IwAR1C4gvQqrhTg-XUeiSblIbJgzq760vOpqXY2P5u_Lq7Ad-jaGhWcdzbi5g\">https:\/\/observador.pt\/especiais\/escola-da-floresta-para-aprender-e-preciso-enterrar-os-pes-na-lama\/?fbclid=IwAR1C4gvQqrhTg-XUeiSblIbJgzq760vOpqXY2P5u_Lq7Ad-jaGhWcdzbi5g<\/a><\/p>\n","protected":false},"excerpt":{"rendered":"O namoro com a Parques de Sintra era antigo, mas o financiamento da Gulbenkian foi decisivo. A Escola da Floresta nasceu para ligar os mi\u00fados \u00e0 natureza e eles aprendem enquanto abra\u00e7am \u00e1rvores.","protected":false},"author":1,"featured_media":5205,"comment_status":"closed","ping_status":"closed","sticky":false,"template":"","format":"standard","meta":{"speak2many_translation":"","custompostfields_publication-date":"2019-03-06T21:57:20","footnotes":"","post_post-custom-url":"","post_post-custom-url-target":""},"categories":[1],"tags":[],"class_list":["post-7013","post","type-post","status-publish","format-standard","has-post-thumbnail","hentry","category-sem-categoria"],"_links":{"self":[{"href":"https:\/\/educartenatureza.uab.pt\/es\/wp-json\/wp\/v2\/posts\/7013","targetHints":{"allow":["GET"]}}],"collection":[{"href":"https:\/\/educartenatureza.uab.pt\/es\/wp-json\/wp\/v2\/posts"}],"about":[{"href":"https:\/\/educartenatureza.uab.pt\/es\/wp-json\/wp\/v2\/types\/post"}],"author":[{"embeddable":true,"href":"https:\/\/educartenatureza.uab.pt\/es\/wp-json\/wp\/v2\/users\/1"}],"replies":[{"embeddable":true,"href":"https:\/\/educartenatureza.uab.pt\/es\/wp-json\/wp\/v2\/comments?post=7013"}],"version-history":[{"count":1,"href":"https:\/\/educartenatureza.uab.pt\/es\/wp-json\/wp\/v2\/posts\/7013\/revisions"}],"predecessor-version":[{"id":7167,"href":"https:\/\/educartenatureza.uab.pt\/es\/wp-json\/wp\/v2\/posts\/7013\/revisions\/7167"}],"wp:featuredmedia":[{"embeddable":true,"href":"https:\/\/educartenatureza.uab.pt\/es\/wp-json\/wp\/v2\/media\/5205"}],"wp:attachment":[{"href":"https:\/\/educartenatureza.uab.pt\/es\/wp-json\/wp\/v2\/media?parent=7013"}],"wp:term":[{"taxonomy":"category","embeddable":true,"href":"https:\/\/educartenatureza.uab.pt\/es\/wp-json\/wp\/v2\/categories?post=7013"},{"taxonomy":"post_tag","embeddable":true,"href":"https:\/\/educartenatureza.uab.pt\/es\/wp-json\/wp\/v2\/tags?post=7013"}],"curies":[{"name":"wp","href":"https:\/\/api.w.org\/{rel}","templated":true}]}}