{"id":7258,"date":"2023-11-15T10:51:40","date_gmt":"2023-11-15T10:51:40","guid":{"rendered":"https:\/\/educartenatureza.uab.pt\/es\/?p=7258"},"modified":"2024-07-01T13:20:34","modified_gmt":"2024-07-01T12:20:34","slug":"educrtenatureza-recorrido-micologico","status":"publish","type":"post","link":"https:\/\/educartenatureza.uab.pt\/es\/educrtenatureza-recorrido-micologico\/","title":{"rendered":"Educ@rteNatureza: Recorrido micol\u00f3gico"},"content":{"rendered":"\n<p>El 10 de noviembre de 2023, el Taller Educ@rteNatureza: Paseo Micol\u00f3gico reuni\u00f3 a una veintena de participantes, investigadores y especialistas, lo que supuso un momento importante para la fundaci\u00f3n y el reconocimiento del tema micol\u00f3gico.<br>El paseo comenz\u00f3 en el Parque de Merenderos de Pocari\u00e7a y fue precedido por las palabras de Dr. Pedro Cardoso, Dr. Nuno Caldeira y de Teresa Pessoa, Coordinadora del Proyecto Educ@rteNatureza.<br>El Paseo Micol\u00f3gico fue dirigido por la Dra. Anabela Marisa Azul, bi\u00f3loga e investigadora del Centro de Neurociencia y Biolog\u00eda Celular (CNC) y del Instituto de Investigaci\u00f3n Interdisciplinar de la Universidad de Coimbra (III-UC).<br>Tras la actividad de campo, hubo un <em>showcooking<\/em> a cargo del Chef Jorge Fernandes, de la Escuela T\u00e9cnica Profesional de Cantanhede, con la seta como protagonista. Y, por \u00faltimo, el &#8220;Almuerzo Micol\u00f3gico&#8221; culmin\u00f3 este momento con un intercambio de sabores y conocimientos, d\u00e1ndole significado. Esta virtuosa colaboraci\u00f3n ha estado presente en las distintas iniciativas organizadas por el proyecto.<br>Esta iniciativa fue coorganizada por la Facultad de Psicolog\u00eda y Ciencias de la Educaci\u00f3n de la Universidad de Coimbra, la Universidade Aberta y el Ayuntamiento de Cantanhede, y cont\u00f3 con el apoyo de la Junta Parroquial de Cantanhede y Pocari\u00e7a, el Centro de Formaci\u00f3n de la Asociaci\u00f3n de Escuelas Beira Mar y el Centro de Neurociencia y Biolog\u00eda Celular de la Universidad de Coimbra.<\/p>\n\n\n\n<figure class=\"wp-block-gallery has-nested-images columns-default is-cropped wp-block-gallery-1 is-layout-flex wp-block-gallery-is-layout-flex\">\n<figure class=\"wp-block-image size-large\"><img loading=\"lazy\" decoding=\"async\" width=\"1024\" height=\"683\" data-id=\"7261\" src=\"https:\/\/educartenatureza.uab.pt\/es\/wp-content\/uploads\/sites\/38\/2023\/11\/DSC_0969-1024x683.jpg\" alt=\"\" class=\"wp-image-7261\" srcset=\"https:\/\/educartenatureza.uab.pt\/es\/wp-content\/uploads\/sites\/38\/2023\/11\/DSC_0969-1024x683.jpg 1024w, https:\/\/educartenatureza.uab.pt\/es\/wp-content\/uploads\/sites\/38\/2023\/11\/DSC_0969-300x200.jpg 300w, https:\/\/educartenatureza.uab.pt\/es\/wp-content\/uploads\/sites\/38\/2023\/11\/DSC_0969-768x512.jpg 768w, https:\/\/educartenatureza.uab.pt\/es\/wp-content\/uploads\/sites\/38\/2023\/11\/DSC_0969-1536x1024.jpg 1536w, https:\/\/educartenatureza.uab.pt\/es\/wp-content\/uploads\/sites\/38\/2023\/11\/DSC_0969-2048x1365.jpg 2048w\" sizes=\"auto, (max-width: 1024px) 100vw, 1024px\" \/><\/figure>\n\n\n\n<figure class=\"wp-block-image size-large\"><img loading=\"lazy\" decoding=\"async\" width=\"576\" height=\"432\" data-id=\"7262\" src=\"https:\/\/educartenatureza.uab.pt\/es\/wp-content\/uploads\/sites\/38\/2023\/11\/WhatsApp-Image-2023-11-11-at-18.57.11-edited.jpeg\" alt=\"\" class=\"wp-image-7262\" srcset=\"https:\/\/educartenatureza.uab.pt\/es\/wp-content\/uploads\/sites\/38\/2023\/11\/WhatsApp-Image-2023-11-11-at-18.57.11-edited.jpeg 576w, https:\/\/educartenatureza.uab.pt\/es\/wp-content\/uploads\/sites\/38\/2023\/11\/WhatsApp-Image-2023-11-11-at-18.57.11-edited-300x225.jpeg 300w\" sizes=\"auto, (max-width: 576px) 100vw, 576px\" \/><\/figure>\n\n\n\n<figure class=\"wp-block-image size-full\"><img loading=\"lazy\" decoding=\"async\" width=\"768\" height=\"1024\" data-id=\"7271\" src=\"https:\/\/educartenatureza.uab.pt\/es\/wp-content\/uploads\/sites\/38\/2023\/11\/WhatsApp-Image-2023-11-11-at-18.57.13-2-1.jpeg\" alt=\"\" class=\"wp-image-7271\" srcset=\"https:\/\/educartenatureza.uab.pt\/es\/wp-content\/uploads\/sites\/38\/2023\/11\/WhatsApp-Image-2023-11-11-at-18.57.13-2-1.jpeg 768w, https:\/\/educartenatureza.uab.pt\/es\/wp-content\/uploads\/sites\/38\/2023\/11\/WhatsApp-Image-2023-11-11-at-18.57.13-2-1-225x300.jpeg 225w\" sizes=\"auto, (max-width: 768px) 100vw, 768px\" \/><\/figure>\n<\/figure>\n\n\n\n<figure class=\"wp-block-gallery has-nested-images columns-default is-cropped wp-block-gallery-2 is-layout-flex wp-block-gallery-is-layout-flex\">\n<figure class=\"wp-block-image size-large\"><img loading=\"lazy\" decoding=\"async\" width=\"1024\" height=\"576\" data-id=\"7272\" src=\"https:\/\/educartenatureza.uab.pt\/es\/wp-content\/uploads\/sites\/38\/2023\/11\/WhatsApp-Image-2023-11-11-at-18.57.13-1.jpeg\" alt=\"\" class=\"wp-image-7272\" srcset=\"https:\/\/educartenatureza.uab.pt\/es\/wp-content\/uploads\/sites\/38\/2023\/11\/WhatsApp-Image-2023-11-11-at-18.57.13-1.jpeg 1024w, https:\/\/educartenatureza.uab.pt\/es\/wp-content\/uploads\/sites\/38\/2023\/11\/WhatsApp-Image-2023-11-11-at-18.57.13-1-300x169.jpeg 300w, https:\/\/educartenatureza.uab.pt\/es\/wp-content\/uploads\/sites\/38\/2023\/11\/WhatsApp-Image-2023-11-11-at-18.57.13-1-768x432.jpeg 768w\" sizes=\"auto, (max-width: 1024px) 100vw, 1024px\" \/><\/figure>\n\n\n\n<figure class=\"wp-block-image size-large\"><img loading=\"lazy\" decoding=\"async\" width=\"576\" height=\"768\" data-id=\"7275\" src=\"https:\/\/educartenatureza.uab.pt\/es\/wp-content\/uploads\/sites\/38\/2023\/11\/WhatsApp-Image-2023-11-15-at-10.48.53-10-1-edited.jpeg\" alt=\"\" class=\"wp-image-7275\" srcset=\"https:\/\/educartenatureza.uab.pt\/es\/wp-content\/uploads\/sites\/38\/2023\/11\/WhatsApp-Image-2023-11-15-at-10.48.53-10-1-edited.jpeg 576w, https:\/\/educartenatureza.uab.pt\/es\/wp-content\/uploads\/sites\/38\/2023\/11\/WhatsApp-Image-2023-11-15-at-10.48.53-10-1-edited-225x300.jpeg 225w\" sizes=\"auto, (max-width: 576px) 100vw, 576px\" \/><\/figure>\n<\/figure>\n\n\n<div class=\"wp-block-image\">\n<figure class=\"aligncenter size-full is-resized\"><img loading=\"lazy\" decoding=\"async\" width=\"1024\" height=\"576\" src=\"https:\/\/educartenatureza.uab.pt\/es\/wp-content\/uploads\/sites\/38\/2023\/11\/WhatsApp-Image-2023-11-11-at-18.57.11-1.jpeg\" alt=\"\" class=\"wp-image-7265\" style=\"width:612px;height:auto\" srcset=\"https:\/\/educartenatureza.uab.pt\/es\/wp-content\/uploads\/sites\/38\/2023\/11\/WhatsApp-Image-2023-11-11-at-18.57.11-1.jpeg 1024w, https:\/\/educartenatureza.uab.pt\/es\/wp-content\/uploads\/sites\/38\/2023\/11\/WhatsApp-Image-2023-11-11-at-18.57.11-1-300x169.jpeg 300w, https:\/\/educartenatureza.uab.pt\/es\/wp-content\/uploads\/sites\/38\/2023\/11\/WhatsApp-Image-2023-11-11-at-18.57.11-1-768x432.jpeg 768w\" sizes=\"auto, (max-width: 1024px) 100vw, 1024px\" \/><\/figure>\n<\/div>\n\n\n<div style=\"height:58px\" aria-hidden=\"true\" class=\"wp-block-spacer\"><\/div>\n\n\n\n<p><strong>Testimonios:<\/strong><br><em>&#8220;\u00a1Fue inolvidable! Volver\u00eda a ir si pudiera&#8221;.<br>&#8220;Fue muy interesante, no tengo sugerencias para mejorar&#8221;.<br>&#8220;Deber\u00eda haber m\u00e1s iniciativas de formaci\u00f3n en la naturaleza. Me encant\u00f3&#8221;.<\/em><\/p>\n","protected":false},"excerpt":{"rendered":"El 10 de noviembre de 2023, el Taller Educ@rteNatureza: Paseo Micol\u00f3gico reuni\u00f3 a una veintena de participantes, investigadores y especialistas, lo que supuso un momento importante para la fundaci\u00f3n y el reconocimiento del tema micol\u00f3gico.El paseo comenz\u00f3 en el Parque de Merenderos de Pocari\u00e7a y fue precedido por las palabras de Dr. Pedro Cardoso, Dr. [&hellip;]","protected":false},"author":95,"featured_media":7261,"comment_status":"closed","ping_status":"closed","sticky":false,"template":"","format":"standard","meta":{"speak2many_translation":"","custompostfields_publication-date":"2023-11-10T10:51:23","footnotes":"","post_post-custom-url":"","post_post-custom-url-target":""},"categories":[1],"tags":[],"class_list":["post-7258","post","type-post","status-publish","format-standard","has-post-thumbnail","hentry","category-sem-categoria"],"_links":{"self":[{"href":"https:\/\/educartenatureza.uab.pt\/es\/wp-json\/wp\/v2\/posts\/7258","targetHints":{"allow":["GET"]}}],"collection":[{"href":"https:\/\/educartenatureza.uab.pt\/es\/wp-json\/wp\/v2\/posts"}],"about":[{"href":"https:\/\/educartenatureza.uab.pt\/es\/wp-json\/wp\/v2\/types\/post"}],"author":[{"embeddable":true,"href":"https:\/\/educartenatureza.uab.pt\/es\/wp-json\/wp\/v2\/users\/95"}],"replies":[{"embeddable":true,"href":"https:\/\/educartenatureza.uab.pt\/es\/wp-json\/wp\/v2\/comments?post=7258"}],"version-history":[{"count":4,"href":"https:\/\/educartenatureza.uab.pt\/es\/wp-json\/wp\/v2\/posts\/7258\/revisions"}],"predecessor-version":[{"id":7388,"href":"https:\/\/educartenatureza.uab.pt\/es\/wp-json\/wp\/v2\/posts\/7258\/revisions\/7388"}],"wp:featuredmedia":[{"embeddable":true,"href":"https:\/\/educartenatureza.uab.pt\/es\/wp-json\/wp\/v2\/media\/7261"}],"wp:attachment":[{"href":"https:\/\/educartenatureza.uab.pt\/es\/wp-json\/wp\/v2\/media?parent=7258"}],"wp:term":[{"taxonomy":"category","embeddable":true,"href":"https:\/\/educartenatureza.uab.pt\/es\/wp-json\/wp\/v2\/categories?post=7258"},{"taxonomy":"post_tag","embeddable":true,"href":"https:\/\/educartenatureza.uab.pt\/es\/wp-json\/wp\/v2\/tags?post=7258"}],"curies":[{"name":"wp","href":"https:\/\/api.w.org\/{rel}","templated":true}]}}