{"id":7281,"date":"2023-11-27T16:17:09","date_gmt":"2023-11-27T16:17:09","guid":{"rendered":"https:\/\/educartenatureza.uab.pt\/es\/?p=7281"},"modified":"2024-07-01T13:21:16","modified_gmt":"2024-07-01T12:21:16","slug":"7281-2","status":"publish","type":"post","link":"https:\/\/educartenatureza.uab.pt\/es\/7281-2\/","title":{"rendered":"II Educ@rteNatureza: Recorrido Micol\u00f3gico"},"content":{"rendered":"\n<p>El 25 de noviembre de 2023, el II Taller Educ@rteNatureza: Recorrido Micol\u00f3gico reuni\u00f3 a 39 participantes, investigadores y especialistas, lo que supuso un momento importante para la fundaci\u00f3n y el reconocimiento del tema micol\u00f3gico.<br>El paseo comenz\u00f3 en el Parque de Picnic de Pocari\u00e7a y fue prologado por las palabras del Presidente de la Junta Parroquial de Cantanhede y Pocari\u00e7a, Nuno Caldeira, y de Teresa Pessoa, Profesora de la Universidad de Coimbra y Coordinadora del Proyecto Educ@rteNatureza.<br>El Paseo Micol\u00f3gico fue dirigido por la Dra. Anabela Marisa Azul, bi\u00f3loga e investigadora del Centro de Neurociencia y Biolog\u00eda Celular (CNC) y del Instituto de Investigaci\u00f3n Interdisciplinar de la Universidad de Coimbra (III-UC).<br>El objetivo de esta actividad de campo era promocionar y poner en valor las setas; fomentar las buenas pr\u00e1cticas medioambientales que son la base de la sostenibilidad; y concienciar sobre el cuidado que se debe tener con la actividad micol\u00f3gica.<br>Esta iniciativa fue coorganizada por la Facultad de Psicolog\u00eda y Ciencias de la Educaci\u00f3n de la Universidad de Coimbra, la Universidade Aberta y el Ayuntamiento de Cantanhede, y cont\u00f3 con el apoyo de la Junta Parroquial de Cantanhede y Pocari\u00e7a, el Centro de Formaci\u00f3n de la Asociaci\u00f3n de Escuelas Beira Mar y el Centro de Neurociencia y Biolog\u00eda Celular de la Universidad de Coimbra.<\/p>\n\n\n\n<p><strong>Testimonios:<\/strong><br><em>&#8220;\u00a1Excelente enfoque del tema! Formaci\u00f3n a repetir&#8221;.<br>&#8220;Continuar el buen trabajo en el \u00e1mbito de la sensibilizaci\u00f3n sobre la conexi\u00f3n con la naturaleza y el medio rural, promoviendo la formaci\u00f3n relacionada con los productos agr\u00edcolas tradicionales de la regi\u00f3n: su importancia en la alimentaci\u00f3n y la econom\u00eda local.&#8221;<\/em><\/p>\n\n\n\n<figure class=\"wp-block-gallery has-nested-images columns-default is-cropped wp-block-gallery-1 is-layout-flex wp-block-gallery-is-layout-flex\">\n<figure class=\"wp-block-image size-large\"><img loading=\"lazy\" decoding=\"async\" width=\"768\" height=\"1024\" data-id=\"7287\" src=\"https:\/\/educartenatureza.uab.pt\/es\/wp-content\/uploads\/sites\/38\/2023\/11\/Imagem-WhatsApp-2023-11-25-as-20.03.39_69d4270f-768x1024.jpg\" alt=\"\" class=\"wp-image-7287\" srcset=\"https:\/\/educartenatureza.uab.pt\/es\/wp-content\/uploads\/sites\/38\/2023\/11\/Imagem-WhatsApp-2023-11-25-as-20.03.39_69d4270f-768x1024.jpg 768w, https:\/\/educartenatureza.uab.pt\/es\/wp-content\/uploads\/sites\/38\/2023\/11\/Imagem-WhatsApp-2023-11-25-as-20.03.39_69d4270f-225x300.jpg 225w, https:\/\/educartenatureza.uab.pt\/es\/wp-content\/uploads\/sites\/38\/2023\/11\/Imagem-WhatsApp-2023-11-25-as-20.03.39_69d4270f-1152x1536.jpg 1152w, https:\/\/educartenatureza.uab.pt\/es\/wp-content\/uploads\/sites\/38\/2023\/11\/Imagem-WhatsApp-2023-11-25-as-20.03.39_69d4270f.jpg 1500w\" sizes=\"auto, (max-width: 768px) 100vw, 768px\" \/><\/figure>\n\n\n\n<figure class=\"wp-block-image size-large\"><img loading=\"lazy\" decoding=\"async\" width=\"768\" height=\"1024\" data-id=\"7285\" src=\"https:\/\/educartenatureza.uab.pt\/es\/wp-content\/uploads\/sites\/38\/2023\/11\/Imagem-WhatsApp-2023-11-25-as-20.03.40_2a8b3a8a-768x1024.jpg\" alt=\"\" class=\"wp-image-7285\" srcset=\"https:\/\/educartenatureza.uab.pt\/es\/wp-content\/uploads\/sites\/38\/2023\/11\/Imagem-WhatsApp-2023-11-25-as-20.03.40_2a8b3a8a-768x1024.jpg 768w, https:\/\/educartenatureza.uab.pt\/es\/wp-content\/uploads\/sites\/38\/2023\/11\/Imagem-WhatsApp-2023-11-25-as-20.03.40_2a8b3a8a-225x300.jpg 225w, https:\/\/educartenatureza.uab.pt\/es\/wp-content\/uploads\/sites\/38\/2023\/11\/Imagem-WhatsApp-2023-11-25-as-20.03.40_2a8b3a8a-1152x1536.jpg 1152w, https:\/\/educartenatureza.uab.pt\/es\/wp-content\/uploads\/sites\/38\/2023\/11\/Imagem-WhatsApp-2023-11-25-as-20.03.40_2a8b3a8a.jpg 1500w\" sizes=\"auto, (max-width: 768px) 100vw, 768px\" \/><\/figure>\n\n\n\n<figure class=\"wp-block-image size-large\"><img loading=\"lazy\" decoding=\"async\" width=\"819\" height=\"1024\" data-id=\"7282\" src=\"https:\/\/educartenatureza.uab.pt\/es\/wp-content\/uploads\/sites\/38\/2023\/11\/405541830_7701136809900638_7553935735777407125_n-819x1024.jpg\" alt=\"\" class=\"wp-image-7282\" srcset=\"https:\/\/educartenatureza.uab.pt\/es\/wp-content\/uploads\/sites\/38\/2023\/11\/405541830_7701136809900638_7553935735777407125_n-819x1024.jpg 819w, https:\/\/educartenatureza.uab.pt\/es\/wp-content\/uploads\/sites\/38\/2023\/11\/405541830_7701136809900638_7553935735777407125_n-240x300.jpg 240w, https:\/\/educartenatureza.uab.pt\/es\/wp-content\/uploads\/sites\/38\/2023\/11\/405541830_7701136809900638_7553935735777407125_n-768x960.jpg 768w, https:\/\/educartenatureza.uab.pt\/es\/wp-content\/uploads\/sites\/38\/2023\/11\/405541830_7701136809900638_7553935735777407125_n-1229x1536.jpg 1229w, https:\/\/educartenatureza.uab.pt\/es\/wp-content\/uploads\/sites\/38\/2023\/11\/405541830_7701136809900638_7553935735777407125_n.jpg 1638w\" sizes=\"auto, (max-width: 819px) 100vw, 819px\" \/><\/figure>\n\n\n\n<figure class=\"wp-block-image size-large\"><img loading=\"lazy\" decoding=\"async\" width=\"1024\" height=\"683\" data-id=\"7283\" src=\"https:\/\/educartenatureza.uab.pt\/es\/wp-content\/uploads\/sites\/38\/2023\/11\/406004646_7701106039903715_5785249960728659857_n-1024x683.jpg\" alt=\"\" class=\"wp-image-7283\" srcset=\"https:\/\/educartenatureza.uab.pt\/es\/wp-content\/uploads\/sites\/38\/2023\/11\/406004646_7701106039903715_5785249960728659857_n-1024x683.jpg 1024w, https:\/\/educartenatureza.uab.pt\/es\/wp-content\/uploads\/sites\/38\/2023\/11\/406004646_7701106039903715_5785249960728659857_n-300x200.jpg 300w, https:\/\/educartenatureza.uab.pt\/es\/wp-content\/uploads\/sites\/38\/2023\/11\/406004646_7701106039903715_5785249960728659857_n-768x512.jpg 768w, https:\/\/educartenatureza.uab.pt\/es\/wp-content\/uploads\/sites\/38\/2023\/11\/406004646_7701106039903715_5785249960728659857_n-1536x1024.jpg 1536w, https:\/\/educartenatureza.uab.pt\/es\/wp-content\/uploads\/sites\/38\/2023\/11\/406004646_7701106039903715_5785249960728659857_n.jpg 2048w\" sizes=\"auto, (max-width: 1024px) 100vw, 1024px\" \/><\/figure>\n\n\n\n<figure class=\"wp-block-image size-large\"><img loading=\"lazy\" decoding=\"async\" width=\"1024\" height=\"768\" data-id=\"7284\" src=\"https:\/\/educartenatureza.uab.pt\/es\/wp-content\/uploads\/sites\/38\/2023\/11\/Imagem-WhatsApp-2023-11-25-as-20.03.54_502768d6-1024x768.jpg\" alt=\"\" class=\"wp-image-7284\" srcset=\"https:\/\/educartenatureza.uab.pt\/es\/wp-content\/uploads\/sites\/38\/2023\/11\/Imagem-WhatsApp-2023-11-25-as-20.03.54_502768d6-1024x768.jpg 1024w, https:\/\/educartenatureza.uab.pt\/es\/wp-content\/uploads\/sites\/38\/2023\/11\/Imagem-WhatsApp-2023-11-25-as-20.03.54_502768d6-300x225.jpg 300w, https:\/\/educartenatureza.uab.pt\/es\/wp-content\/uploads\/sites\/38\/2023\/11\/Imagem-WhatsApp-2023-11-25-as-20.03.54_502768d6-768x576.jpg 768w, https:\/\/educartenatureza.uab.pt\/es\/wp-content\/uploads\/sites\/38\/2023\/11\/Imagem-WhatsApp-2023-11-25-as-20.03.54_502768d6-1536x1152.jpg 1536w, https:\/\/educartenatureza.uab.pt\/es\/wp-content\/uploads\/sites\/38\/2023\/11\/Imagem-WhatsApp-2023-11-25-as-20.03.54_502768d6.jpg 2000w\" sizes=\"auto, (max-width: 1024px) 100vw, 1024px\" \/><\/figure>\n\n\n\n<figure class=\"wp-block-image size-large\"><img loading=\"lazy\" decoding=\"async\" width=\"1024\" height=\"768\" data-id=\"7286\" src=\"https:\/\/educartenatureza.uab.pt\/es\/wp-content\/uploads\/sites\/38\/2023\/11\/Imagem-WhatsApp-2023-11-25-as-20.03.47_2bdcfbf7-1024x768.jpg\" alt=\"\" class=\"wp-image-7286\" srcset=\"https:\/\/educartenatureza.uab.pt\/es\/wp-content\/uploads\/sites\/38\/2023\/11\/Imagem-WhatsApp-2023-11-25-as-20.03.47_2bdcfbf7-1024x768.jpg 1024w, https:\/\/educartenatureza.uab.pt\/es\/wp-content\/uploads\/sites\/38\/2023\/11\/Imagem-WhatsApp-2023-11-25-as-20.03.47_2bdcfbf7-300x225.jpg 300w, https:\/\/educartenatureza.uab.pt\/es\/wp-content\/uploads\/sites\/38\/2023\/11\/Imagem-WhatsApp-2023-11-25-as-20.03.47_2bdcfbf7-768x576.jpg 768w, https:\/\/educartenatureza.uab.pt\/es\/wp-content\/uploads\/sites\/38\/2023\/11\/Imagem-WhatsApp-2023-11-25-as-20.03.47_2bdcfbf7-1536x1152.jpg 1536w, https:\/\/educartenatureza.uab.pt\/es\/wp-content\/uploads\/sites\/38\/2023\/11\/Imagem-WhatsApp-2023-11-25-as-20.03.47_2bdcfbf7.jpg 2048w\" sizes=\"auto, (max-width: 1024px) 100vw, 1024px\" \/><\/figure>\n<\/figure>\n\n\n<div class=\"wp-block-image\">\n<figure class=\"aligncenter size-large is-resized\"><img loading=\"lazy\" decoding=\"async\" width=\"1024\" height=\"768\" src=\"https:\/\/educartenatureza.uab.pt\/es\/wp-content\/uploads\/sites\/38\/2023\/11\/Imagem-WhatsApp-2023-11-25-as-20.02.57_99bc73a7-1024x768.jpg\" alt=\"\" class=\"wp-image-7288\" style=\"width:475px;height:auto\" srcset=\"https:\/\/educartenatureza.uab.pt\/es\/wp-content\/uploads\/sites\/38\/2023\/11\/Imagem-WhatsApp-2023-11-25-as-20.02.57_99bc73a7-1024x768.jpg 1024w, https:\/\/educartenatureza.uab.pt\/es\/wp-content\/uploads\/sites\/38\/2023\/11\/Imagem-WhatsApp-2023-11-25-as-20.02.57_99bc73a7-300x225.jpg 300w, https:\/\/educartenatureza.uab.pt\/es\/wp-content\/uploads\/sites\/38\/2023\/11\/Imagem-WhatsApp-2023-11-25-as-20.02.57_99bc73a7-768x576.jpg 768w, https:\/\/educartenatureza.uab.pt\/es\/wp-content\/uploads\/sites\/38\/2023\/11\/Imagem-WhatsApp-2023-11-25-as-20.02.57_99bc73a7-1536x1152.jpg 1536w, https:\/\/educartenatureza.uab.pt\/es\/wp-content\/uploads\/sites\/38\/2023\/11\/Imagem-WhatsApp-2023-11-25-as-20.02.57_99bc73a7.jpg 1600w\" sizes=\"auto, (max-width: 1024px) 100vw, 1024px\" \/><\/figure>\n<\/div>","protected":false},"excerpt":{"rendered":"El 25 de noviembre de 2023, el II Taller Educ@rteNatureza: Recorrido Micol\u00f3gico reuni\u00f3 a 39 participantes, investigadores y especialistas, lo que supuso un momento importante para la fundaci\u00f3n y el reconocimiento del tema micol\u00f3gico.El paseo comenz\u00f3 en el Parque de Picnic de Pocari\u00e7a y fue prologado por las palabras del Presidente de la Junta Parroquial [&hellip;]","protected":false},"author":95,"featured_media":7288,"comment_status":"closed","ping_status":"closed","sticky":false,"template":"","format":"standard","meta":{"speak2many_translation":"","custompostfields_publication-date":"2023-11-25T13:21:06","footnotes":"","post_post-custom-url":"","post_post-custom-url-target":""},"categories":[1],"tags":[],"class_list":["post-7281","post","type-post","status-publish","format-standard","has-post-thumbnail","hentry","category-sem-categoria"],"_links":{"self":[{"href":"https:\/\/educartenatureza.uab.pt\/es\/wp-json\/wp\/v2\/posts\/7281","targetHints":{"allow":["GET"]}}],"collection":[{"href":"https:\/\/educartenatureza.uab.pt\/es\/wp-json\/wp\/v2\/posts"}],"about":[{"href":"https:\/\/educartenatureza.uab.pt\/es\/wp-json\/wp\/v2\/types\/post"}],"author":[{"embeddable":true,"href":"https:\/\/educartenatureza.uab.pt\/es\/wp-json\/wp\/v2\/users\/95"}],"replies":[{"embeddable":true,"href":"https:\/\/educartenatureza.uab.pt\/es\/wp-json\/wp\/v2\/comments?post=7281"}],"version-history":[{"count":3,"href":"https:\/\/educartenatureza.uab.pt\/es\/wp-json\/wp\/v2\/posts\/7281\/revisions"}],"predecessor-version":[{"id":7391,"href":"https:\/\/educartenatureza.uab.pt\/es\/wp-json\/wp\/v2\/posts\/7281\/revisions\/7391"}],"wp:featuredmedia":[{"embeddable":true,"href":"https:\/\/educartenatureza.uab.pt\/es\/wp-json\/wp\/v2\/media\/7288"}],"wp:attachment":[{"href":"https:\/\/educartenatureza.uab.pt\/es\/wp-json\/wp\/v2\/media?parent=7281"}],"wp:term":[{"taxonomy":"category","embeddable":true,"href":"https:\/\/educartenatureza.uab.pt\/es\/wp-json\/wp\/v2\/categories?post=7281"},{"taxonomy":"post_tag","embeddable":true,"href":"https:\/\/educartenatureza.uab.pt\/es\/wp-json\/wp\/v2\/tags?post=7281"}],"curies":[{"name":"wp","href":"https:\/\/api.w.org\/{rel}","templated":true}]}}