{"id":7375,"date":"2024-02-24T13:07:35","date_gmt":"2024-02-24T13:07:35","guid":{"rendered":"https:\/\/educartenatureza.uab.pt\/es\/?p=7375"},"modified":"2024-07-01T13:18:49","modified_gmt":"2024-07-01T12:18:49","slug":"dia-internacional-de-las-mujeres-y-las-ninas-en-la-ciencia","status":"publish","type":"post","link":"https:\/\/educartenatureza.uab.pt\/es\/dia-internacional-de-las-mujeres-y-las-ninas-en-la-ciencia\/","title":{"rendered":"D\u00eda Internacional de las Mujeres y las Ni\u00f1as en la Ciencia"},"content":{"rendered":"\n<p>El equipo del proyecto Educ@rteNatureza fue invitado por el Grupo Escolar de Guia (Pombal) a desarrollar una iniciativa en el \u00e1mbito del D\u00eda Internacional de las Mujeres y las Ni\u00f1as en la Ciencia, el 23 de febrero de 2024, en el Centro Escolar de Vieirinhos.<\/p>\n\n\n\n<p>Dentro de los temas desarrollados por el proyecto y dado el grupo de edad de los destinatarios de la acci\u00f3n (ni\u00f1os de preescolar y primaria), la Dra. Sonia Valente, de la Universidad Aberta, hizo una breve introducci\u00f3n al tema de Mujeres y Ni\u00f1as en la Ciencia, presentando algunos inventos femeninos. La bi\u00f3loga Dra. Lucie Mota present\u00f3 el tema de una forma m\u00e1s cient\u00edfica pero l\u00fadica, utilizando un lenguaje apropiado para los ni\u00f1os, y Teresa Pessoa, coordinadora del proyecto y profesora de la Universidad de Coimbra, present\u00f3 el libro infantil \u201cAbelhita Curiosa\u201d. Se trataba de una aproximaci\u00f3n a los polinizadores -concretamente a las abejas- desde una perspectiva multidisciplinar de la educaci\u00f3n, la psicolog\u00eda y la biolog\u00eda.<\/p>\n\n\n\n<p>Se organizaron tres sesiones (preescolar, 1\u00ba y 2\u00ba de primaria y 3\u00ba y 4\u00ba), en las que los alumnos estuvieron acompa\u00f1ados por sus professoras.<\/p>\n\n\n\n<p>A la sesi\u00f3n asistieron 145 personas.<\/p>\n\n\n\n<figure class=\"wp-block-gallery has-nested-images columns-default is-cropped wp-block-gallery-1 is-layout-flex wp-block-gallery-is-layout-flex\">\n<figure class=\"wp-block-image size-large\"><img loading=\"lazy\" decoding=\"async\" width=\"1024\" height=\"576\" data-id=\"7377\" src=\"https:\/\/educartenatureza.uab.pt\/es\/wp-content\/uploads\/sites\/38\/2024\/07\/Imagem-WhatsApp-2024-07-01-as-12.52.26_dcbb6a85-1024x576.jpg\" alt=\"\" class=\"wp-image-7377\" srcset=\"https:\/\/educartenatureza.uab.pt\/es\/wp-content\/uploads\/sites\/38\/2024\/07\/Imagem-WhatsApp-2024-07-01-as-12.52.26_dcbb6a85-1024x576.jpg 1024w, https:\/\/educartenatureza.uab.pt\/es\/wp-content\/uploads\/sites\/38\/2024\/07\/Imagem-WhatsApp-2024-07-01-as-12.52.26_dcbb6a85-300x169.jpg 300w, https:\/\/educartenatureza.uab.pt\/es\/wp-content\/uploads\/sites\/38\/2024\/07\/Imagem-WhatsApp-2024-07-01-as-12.52.26_dcbb6a85-768x432.jpg 768w, https:\/\/educartenatureza.uab.pt\/es\/wp-content\/uploads\/sites\/38\/2024\/07\/Imagem-WhatsApp-2024-07-01-as-12.52.26_dcbb6a85-1536x864.jpg 1536w, https:\/\/educartenatureza.uab.pt\/es\/wp-content\/uploads\/sites\/38\/2024\/07\/Imagem-WhatsApp-2024-07-01-as-12.52.26_dcbb6a85.jpg 1600w\" sizes=\"auto, (max-width: 1024px) 100vw, 1024px\" \/><\/figure>\n\n\n\n<figure class=\"wp-block-image size-large\"><img loading=\"lazy\" decoding=\"async\" width=\"576\" height=\"1024\" data-id=\"7376\" src=\"https:\/\/educartenatureza.uab.pt\/es\/wp-content\/uploads\/sites\/38\/2024\/07\/Imagem-WhatsApp-2024-07-01-as-12.52.26_ee4629e4-576x1024.jpg\" alt=\"\" class=\"wp-image-7376\" srcset=\"https:\/\/educartenatureza.uab.pt\/es\/wp-content\/uploads\/sites\/38\/2024\/07\/Imagem-WhatsApp-2024-07-01-as-12.52.26_ee4629e4-576x1024.jpg 576w, https:\/\/educartenatureza.uab.pt\/es\/wp-content\/uploads\/sites\/38\/2024\/07\/Imagem-WhatsApp-2024-07-01-as-12.52.26_ee4629e4-169x300.jpg 169w, https:\/\/educartenatureza.uab.pt\/es\/wp-content\/uploads\/sites\/38\/2024\/07\/Imagem-WhatsApp-2024-07-01-as-12.52.26_ee4629e4-768x1365.jpg 768w, https:\/\/educartenatureza.uab.pt\/es\/wp-content\/uploads\/sites\/38\/2024\/07\/Imagem-WhatsApp-2024-07-01-as-12.52.26_ee4629e4-864x1536.jpg 864w, https:\/\/educartenatureza.uab.pt\/es\/wp-content\/uploads\/sites\/38\/2024\/07\/Imagem-WhatsApp-2024-07-01-as-12.52.26_ee4629e4.jpg 900w\" sizes=\"auto, (max-width: 576px) 100vw, 576px\" \/><\/figure>\n\n\n\n<figure class=\"wp-block-image size-large\"><img loading=\"lazy\" decoding=\"async\" width=\"1024\" height=\"576\" data-id=\"7378\" src=\"https:\/\/educartenatureza.uab.pt\/es\/wp-content\/uploads\/sites\/38\/2024\/07\/Imagem-WhatsApp-2024-07-01-as-12.52.26_d73a2fa7-1024x576.jpg\" alt=\"\" class=\"wp-image-7378\" srcset=\"https:\/\/educartenatureza.uab.pt\/es\/wp-content\/uploads\/sites\/38\/2024\/07\/Imagem-WhatsApp-2024-07-01-as-12.52.26_d73a2fa7-1024x576.jpg 1024w, https:\/\/educartenatureza.uab.pt\/es\/wp-content\/uploads\/sites\/38\/2024\/07\/Imagem-WhatsApp-2024-07-01-as-12.52.26_d73a2fa7-300x169.jpg 300w, https:\/\/educartenatureza.uab.pt\/es\/wp-content\/uploads\/sites\/38\/2024\/07\/Imagem-WhatsApp-2024-07-01-as-12.52.26_d73a2fa7-768x432.jpg 768w, https:\/\/educartenatureza.uab.pt\/es\/wp-content\/uploads\/sites\/38\/2024\/07\/Imagem-WhatsApp-2024-07-01-as-12.52.26_d73a2fa7-1536x864.jpg 1536w, https:\/\/educartenatureza.uab.pt\/es\/wp-content\/uploads\/sites\/38\/2024\/07\/Imagem-WhatsApp-2024-07-01-as-12.52.26_d73a2fa7.jpg 1600w\" sizes=\"auto, (max-width: 1024px) 100vw, 1024px\" \/><\/figure>\n<\/figure>\n\n\n\n<figure class=\"wp-block-image size-large\"><img loading=\"lazy\" decoding=\"async\" width=\"1024\" height=\"654\" src=\"https:\/\/educartenatureza.uab.pt\/es\/wp-content\/uploads\/sites\/38\/2024\/07\/Imagem-WhatsApp-2024-07-01-as-12.52.26_f0f4360d-1024x654.jpg\" alt=\"\" class=\"wp-image-7379\" srcset=\"https:\/\/educartenatureza.uab.pt\/es\/wp-content\/uploads\/sites\/38\/2024\/07\/Imagem-WhatsApp-2024-07-01-as-12.52.26_f0f4360d-1024x654.jpg 1024w, https:\/\/educartenatureza.uab.pt\/es\/wp-content\/uploads\/sites\/38\/2024\/07\/Imagem-WhatsApp-2024-07-01-as-12.52.26_f0f4360d-300x192.jpg 300w, https:\/\/educartenatureza.uab.pt\/es\/wp-content\/uploads\/sites\/38\/2024\/07\/Imagem-WhatsApp-2024-07-01-as-12.52.26_f0f4360d-768x491.jpg 768w, https:\/\/educartenatureza.uab.pt\/es\/wp-content\/uploads\/sites\/38\/2024\/07\/Imagem-WhatsApp-2024-07-01-as-12.52.26_f0f4360d-1536x981.jpg 1536w, https:\/\/educartenatureza.uab.pt\/es\/wp-content\/uploads\/sites\/38\/2024\/07\/Imagem-WhatsApp-2024-07-01-as-12.52.26_f0f4360d.jpg 1600w\" sizes=\"auto, (max-width: 1024px) 100vw, 1024px\" \/><\/figure>\n","protected":false},"excerpt":{"rendered":"El equipo del proyecto Educ@rteNatureza fue invitado por el Grupo Escolar de Guia (Pombal) a desarrollar una iniciativa en el \u00e1mbito del D\u00eda Internacional de las Mujeres y las Ni\u00f1as en la Ciencia, el 23 de febrero de 2024, en el Centro Escolar de Vieirinhos. Dentro de los temas desarrollados por el proyecto y dado [&hellip;]","protected":false},"author":9,"featured_media":7378,"comment_status":"closed","ping_status":"closed","sticky":false,"template":"","format":"standard","meta":{"speak2many_translation":"","custompostfields_publication-date":"2024-02-23T13:05:50","footnotes":"","post_post-custom-url":"","post_post-custom-url-target":""},"categories":[1],"tags":[],"class_list":["post-7375","post","type-post","status-publish","format-standard","has-post-thumbnail","hentry","category-sem-categoria"],"_links":{"self":[{"href":"https:\/\/educartenatureza.uab.pt\/es\/wp-json\/wp\/v2\/posts\/7375","targetHints":{"allow":["GET"]}}],"collection":[{"href":"https:\/\/educartenatureza.uab.pt\/es\/wp-json\/wp\/v2\/posts"}],"about":[{"href":"https:\/\/educartenatureza.uab.pt\/es\/wp-json\/wp\/v2\/types\/post"}],"author":[{"embeddable":true,"href":"https:\/\/educartenatureza.uab.pt\/es\/wp-json\/wp\/v2\/users\/9"}],"replies":[{"embeddable":true,"href":"https:\/\/educartenatureza.uab.pt\/es\/wp-json\/wp\/v2\/comments?post=7375"}],"version-history":[{"count":3,"href":"https:\/\/educartenatureza.uab.pt\/es\/wp-json\/wp\/v2\/posts\/7375\/revisions"}],"predecessor-version":[{"id":7386,"href":"https:\/\/educartenatureza.uab.pt\/es\/wp-json\/wp\/v2\/posts\/7375\/revisions\/7386"}],"wp:featuredmedia":[{"embeddable":true,"href":"https:\/\/educartenatureza.uab.pt\/es\/wp-json\/wp\/v2\/media\/7378"}],"wp:attachment":[{"href":"https:\/\/educartenatureza.uab.pt\/es\/wp-json\/wp\/v2\/media?parent=7375"}],"wp:term":[{"taxonomy":"category","embeddable":true,"href":"https:\/\/educartenatureza.uab.pt\/es\/wp-json\/wp\/v2\/categories?post=7375"},{"taxonomy":"post_tag","embeddable":true,"href":"https:\/\/educartenatureza.uab.pt\/es\/wp-json\/wp\/v2\/tags?post=7375"}],"curies":[{"name":"wp","href":"https:\/\/api.w.org\/{rel}","templated":true}]}}